{"id":999,"date":"2025-12-04T13:48:50","date_gmt":"2025-12-04T12:48:50","guid":{"rendered":"https:\/\/www.yes.bzh\/?p=999"},"modified":"2026-01-12T17:21:17","modified_gmt":"2026-01-12T16:21:17","slug":"ya-breizh","status":"publish","type":"post","link":"https:\/\/www.yes.bzh\/br\/ya-breizh\/","title":{"rendered":"Perak Yes Breizh ha n'eo ket Ya Breizh ? Displegadur"},"content":{"rendered":"<p>Lod a zo keuz n&#039;hon eus ket dibabet <strong>Ya Breizh<\/strong>, \u201cYa Breizh\u201d e brezhoneg, kentoc\u2019h eget <strong>Yes Breizh<\/strong>. Met hon dibab n\u2019eo nag ur c\u2019hoarvezadenn nag un nac\u2019hadenn eus ar brezhoneg : naturel eo, kempoell ha brasaet penn-da-benn.<\/p>\n\n\n\n<p>Da genta\u00f1, <strong>\u201cYes\u201d a zo hollvedel<\/strong>. Ur ger a gompren an holl eo, unan a gas fizia\u00f1s, nerzh hag engouestl. Rei\u00f1 a ra tro deomp da gomz ouzh ar bed hep harzo\u00f9 yezh, eus Breizh da Vro-Skos, eus Kembre da Gernev-Veur, ha d&#039;ar peurrest eus ar bed.<\/p>\n\n\n\n<p>Goude, <strong>Yes Breizh zo ul lodenn eus ur familh etrebroadel<\/strong>. Hon mignoned kembreat o deus <em>Yes Cymru<\/em>, ar Skosiz | <em>Yes Scotland<\/em>, ar C&#039;herneveureg | <em>Yes Kernow<\/em>. Ranna\u00f1 a reomp ganto ar memes palio\u00f9 demokratel, ar memes talvoudo\u00f9, ha brema\u00f1 ar memes identelezh gwelet. Neuze n\u2019eo ket hon anv disoc\u2019h ur preder strategel pe prederouriezhel : dont a ra en un doare naturel eus ar c\u2019hevredigezh-se hag ema\u00f1 ul lodenn eus merk boutin al luskado\u00f9 Yes er bed keltiek a-bezh.<\/p>\n\n\n\n<p>Erfin, an dibab-ma\u00f1 a ziskouez ur gredenn sklaer : <strong>Evit ma yafe Breizh war-raok e rank kaout ur plas e sonadeg ar broado\u00f9.<\/strong>, o fiziout en e gevredidi hag o lakaat e vouezh da veza\u00f1 klevet war an dachenn etrebroadel. Yes Breizh eo Breizh o lavarout ya d'ar bed, hag ar bed o teski\u00f1 lavaret ya da Vreizh.<\/p>\n\n\n\n<p><strong>Evit harpa\u00f1 ac&#039;hanomp :<\/strong> <a href=\"https:\/\/www.helloasso.com\/associations\/yes-breizh\/collectes\/lancement-yes-breizh\" target=\"_blank\" rel=\"noreferrer noopener\">HelloAsso \u2013 Skoazella\u00f1 Ya Breizh<\/a><br><strong>Evit kemer perzh :<\/strong> <a href=\"https:\/\/www.helloasso.com\/associations\/yes-breizh\/adhesions\/adhesion-yes-breizh\" target=\"_blank\" rel=\"noreferrer noopener\">Ya Breizh Ezel<\/a><\/p>","protected":false},"excerpt":{"rendered":"<p>Perak Ya Breizh ha pas Ya Breizh ? Un dibab a-ratozh, etrebroadel ha kempoell, a laka Breizh e-touez ur familh luskado\u00f9 keltiek digor war ar bed.<\/p>","protected":false},"author":1,"featured_media":1412,"comment_status":"open","ping_status":"open","sticky":false,"template":"","format":"standard","meta":{"_lmt_disableupdate":"","_lmt_disable":"","footnotes":""},"categories":[12],"tags":[47,40,39,48,45,30,42,46,41,28,38,17,26,44,43],"class_list":["post-999","post","type-post","status-publish","format-standard","has-post-thumbnail","hentry","category-communiques","tag-bretagne-dans-le-monde","tag-breton-et-anglais","tag-choix-du-nom-yes-breizh","tag-communication-politique-bretonne","tag-cooperation-celtique","tag-devolution-bretagne","tag-identite-bretonne","tag-internationalisation-de-la-bretagne","tag-langue-bretonne","tag-mouvements-celtiques","tag-ya-breizh","tag-yes-breizh","tag-yes-cymru","tag-yes-kernow","tag-yes-scotland"],"_links":{"self":[{"href":"https:\/\/www.yes.bzh\/br\/wp-json\/wp\/v2\/posts\/999","targetHints":{"allow":["GET"]}}],"collection":[{"href":"https:\/\/www.yes.bzh\/br\/wp-json\/wp\/v2\/posts"}],"about":[{"href":"https:\/\/www.yes.bzh\/br\/wp-json\/wp\/v2\/types\/post"}],"author":[{"embeddable":true,"href":"https:\/\/www.yes.bzh\/br\/wp-json\/wp\/v2\/users\/1"}],"replies":[{"embeddable":true,"href":"https:\/\/www.yes.bzh\/br\/wp-json\/wp\/v2\/comments?post=999"}],"version-history":[{"count":2,"href":"https:\/\/www.yes.bzh\/br\/wp-json\/wp\/v2\/posts\/999\/revisions"}],"predecessor-version":[{"id":1414,"href":"https:\/\/www.yes.bzh\/br\/wp-json\/wp\/v2\/posts\/999\/revisions\/1414"}],"wp:featuredmedia":[{"embeddable":true,"href":"https:\/\/www.yes.bzh\/br\/wp-json\/wp\/v2\/media\/1412"}],"wp:attachment":[{"href":"https:\/\/www.yes.bzh\/br\/wp-json\/wp\/v2\/media?parent=999"}],"wp:term":[{"taxonomy":"category","embeddable":true,"href":"https:\/\/www.yes.bzh\/br\/wp-json\/wp\/v2\/categories?post=999"},{"taxonomy":"post_tag","embeddable":true,"href":"https:\/\/www.yes.bzh\/br\/wp-json\/wp\/v2\/tags?post=999"}],"curies":[{"name":"ur gwerennad dour","href":"https:\/\/api.w.org\/{rel}","templated":true}]}}