{"id":1002,"date":"2025-12-04T13:53:29","date_gmt":"2025-12-04T12:53:29","guid":{"rendered":"https:\/\/www.yes.bzh\/?p=1002"},"modified":"2026-04-02T18:06:42","modified_gmt":"2026-04-02T16:06:42","slug":"atersadenn-gant-yvan-moullec","status":"publish","type":"post","link":"https:\/\/www.yes.bzh\/br\/atersadenn-gant-yvan-moullec\/","title":{"rendered":"Pennad-kaoz gant Yvan Moullec : war-zu ur Republik tiriado\u00f9 e Breizh"},"content":{"rendered":"<h2 class=\"wp-block-heading\">Ya Breizh Pennad-kaoz : Yvan Moullec &quot;War-zu ur Republik Tiriado\u00f9 ?&quot;\u00ab<\/h2>\n\n\n\n<p>E-kerzh e engouestl evit ar c\u2019hendivizout hag an digorded e ro Ya Breizh ingal ur vouezh d\u2019ar re a wel ur Breizh kiriekoc\u2019h eus hec\u2019h dazont. Keja\u00f1 a reomp gant Yvan Moullec, maer Plouhinec ha kuzulier-rannvro, aozer ur galv a-bouez anvet &quot;Evit ur Republik Tiriado\u00f9&quot;. Er pennad-ma\u00f1, embannet e <em>An Telegramm<\/em> D\u2019an 11 a viz Here e c\u2019halvas dilennidi Breizh da vont en tu all d\u2019an divizo\u00f9 partizan ha da sevel a-gevret ur patrom demokratel nevez diazezet war an tostaat, ar fizia\u00f1s, hag ar gefridi. Klota\u00f1 a ra ar sell-se, e meur a ge\u00f1ver, gant preder Ya Breizh, ul luskad breizhat kiriek awenet gant ar patrom kembraek Ya Cymru, hag a labour evit rei\u00f1 ur vouezh hag ar galloud da ober en-dro da Vreizh a-bezh.<\/p>\n\n\n\n<h3 class=\"wp-block-heading\">Ho galv da \u201cRepublik an Tiriado\u00f9\u201d a glot kre\u00f1v gant hon doare da vont war-raok e Ya Breizh. Pa implijit an droienn-ma\u00f1, emaoc&#039;h o komz eus ur c&#039;hre\u00f1vaat simpl eus an digreizenna\u00f1, pe eus ur gwir che\u00f1chamant patrom ma teu ar rannvroio\u00f9 da veza\u00f1 mistri war o dibabo\u00f9 o-unan a-benn ar fin ?<\/h3>\n\n\n\n<p>Komz a ran eus ur statud emren gwirion, o lakaat Spagn da skouer alies, dreist-holl rannvroio\u00f9 emren Katalonia hag Euskadi. Met Kembre ha Bro-Skos a zo ivez mammenno\u00f9 awen. D&#039;am so\u00f1j, ar galloudo\u00f9 emren hepken a chom e karg ar Stad.<\/p>\n\n\n\n<h3 class=\"wp-block-heading\">Lavarout a rit eo erruet ar patrom jakobin betek e harzo\u00f9. E gwirionez, penaos e harz er mare-ma\u00f1 ar greizennouriezh-se barregezh an dilennidi hag an aktourien lec\u2019hel e Breizh da vont en-dro ?<\/h3>\n\n\n\n<p>Ar c&#039;hreizennouriezh mod gall, dibar en Europa, en deus strivet a-viskoazh da lakaat e pleustr un hevelepded hollek eus ar vro, hep derc&#039;hel kont eus diforc&#039;hio\u00f9 ha perzhio\u00f9 dibar he rannvroio\u00f9 liesseurt. Kreizenna\u00f1 a ra kazi an holl c&#039;halloudo\u00f9, ha dre-se kazi an holl zanvezio\u00f9 arc&#039;hant, hep menegi\u00f1 ar melestradur dreist a stank ha lazha\u00f1 kement stignad. En degouezh-se eo dibosupl galloud an dilennidi, ha so\u00f1jal a ran dreist-holl er c\u2019huzulio\u00f9-rannvro, d\u2019ober. Budjedo\u00f9 bihan, galloudo\u00f9 bevennet... Graet eo an distruj. Er vro-ma\u00f1 hon eus, dreist-holl, implijidi uhel, sot gant reizhiad an ENA (Skol Vroadel ar Melestradurezh), ha ne ya ket o sell war ar vro en tu all da bastell-vro Pariz, hag a ra pep tra evit derc\u2019hel kontroll war ur reizhiad na ya ket en-dro, met a vez meret ganto c\u2019hoazh, e-lec\u2019h prederia\u00f1 war un doare gouarnamant all diazezet war an emrenerezh rannvroel, ha n\u2019o defe ket mui kontroll warna\u00f1.<\/p>\n\n\n\n<figure class=\"wp-block-embed aligncenter is-type-wp-embed is-provider-yes-breizh wp-block-embed-yes-breizh\"><div class=\"wp-block-embed__wrapper\">\nhttps:\/\/www.yes.bzh\/devolution-bretagne\n<\/div><\/figure>\n\n\n\n<h3 class=\"wp-block-heading\">Deskriva\u00f1 a rez ur Vreizh \u201cprest\u201d da gemer muioc\u2019h a gefridio\u00f9. Hervezoc\u2019h, peseurt teir zachenn barregezh, pe muioc\u2019h ma fell deoc\u2019h, a zlefe Breizh mera\u00f1 war-eeun evit basta\u00f1 gwelloc\u2019h da ezhommo\u00f9 hec\u2019h annezidi ?<\/h3>\n\n\n\n<p>D&#039;am so\u00f1j e tlefe an holl c&#039;halloudo\u00f9, nemet re ar Stad, beza\u00f1 treuzkaset d&#039;ar rannvroio\u00f9 a fell dezho o degemer. Kendrec\u2019het on e c\u2019hello Breizh beza\u00f1 un araokaerez war an dachenn-se, en ur heulia\u00f1 ar patrom spagnol, gant un doare pazennek a-hed an amzer.<\/p>\n\n\n\n<h3 class=\"wp-block-heading\">Goulenn a rit unvaniezh etre dilennidi ar pemp departamant breizhat. En o zouez al Liger-Atlantel zo un dra roet deomp e Ya Breizh. Ha so\u00f1jal a rit eo un adunvaniezh melestradurel un dra ret a-raok prederia\u00f1 war ur feur-emglev demokratel breizhat nevez ? Ouzhpenn-se, penaos e c&#039;hallfe an unaniezh-se etre an dilennidi beza\u00f1 diskouezet e doareo\u00f9 resis ? Ha ezhomm zo eus ur penn ?<\/h3>\n\n\n\n<p>Va holl so\u00f1jo\u00f9 diwar-benn an danvez-se a laka enno dre ret rakreolenno\u00f9 Breizh adunvanet ; ar poent loc&#039;ha\u00f1 diazez eo. D\u2019am so\u00f1j eo d\u2019ar Prezidant Rannvro kemer ar penn a-fet politikerezh, met ret eo dezha\u00f1 kaout ar youl wirion, ha dreist-holl, ar galon. Evit ar mare, ne welomp ket ar youl-se. Koulskoude, an dilennidi rannvroel, me en o zouez, a zo holl engouestlet gant an afer-se, evel ul lodenn vras eus ar bobla\u00f1s.<\/p>\n\n\n\n<h3 class=\"wp-block-heading\">Skriva\u00f1 a rit e teuio \u201car c&#039;hemm eus an trao\u00f1\u201d. Penaos e so\u00f1jit kenlabour etre dilennidi, luskado\u00f9 keodedourien ha luskerien Breizh evit lakaat an emsav diazez-ma\u00f1 da vont en-dro ?<\/h3>\n\n\n\n<p>Dirak an dic&#039;houestl war an danvez-se e so\u00f1jan, er sizhunvezhio\u00f9 da zont hag o heulia\u00f1 ma pennado\u00f9-kazetenn liesseurt diwar-benn an danvez-se, kas ur sinadenn da holl maered ar pemp departamant breizhat, da holl guzulierien-departamant ar pemp departamant, hag ivez da holl guzulierien-rannvro Breizh ha Liger-Atlantel, o c&#039;houlenn ma vefe adstaget Breizh-Veur hag evit ma vefe emrenerezh Breizh hor rannvro. Komz a ran eus ur sinadeg hep strollad, dieub diouzh an oportunisted bolitikel, a fell din kinnig neuze d&#039;ar galloudo\u00f9 broadel dishe\u00f1vel e-kerzh ur weladenn a-bouez e Pariz, gant ar muia\u00f1 a sinadurio\u00f9 ar gwella\u00f1.<\/p>\n\n\n\n<figure class=\"wp-block-embed aligncenter is-type-wp-embed is-provider-yes-breizh wp-block-embed-yes-breizh\"><div class=\"wp-block-embed__wrapper\">\n<blockquote class=\"wp-embedded-content\" data-secret=\"wFXZXvdPYS\"><a href=\"https:\/\/www.yes.bzh\/br\/kemer-perzh-el-luskad\/\">Deuit ganeomp!<\/a><\/blockquote><iframe class=\"wp-embedded-content\" sandbox=\"allow-scripts\" security=\"restricted\" style=\"position: absolute; visibility: hidden;\" title=\"\u00abDeuit d\u2019al luskad\u00bb \u2014 Ya Breizh\" src=\"https:\/\/www.yes.bzh\/rejoindre-le-mouvement\/embed\/#?secret=C0HVVO3LIi#?secret=wFXZXvdPYS\" data-secret=\"wFXZXvdPYS\" width=\"600\" height=\"338\" frameborder=\"0\" marginwidth=\"0\" marginheight=\"0\" scrolling=\"no\"><\/iframe>\n<\/div><\/figure>\n\n\n\n<h3 class=\"wp-block-heading\">An emrenerezh a fell deoc&#039;h a dalvez ur sevenadur politikel dishe\u00f1vel, unan gwriziennet muioc&#039;h er vro ha muioc&#039;h pragmatek. Hervezoc\u2019h, petra a vank c\u2019hoazh da Vreizh evit kas ar pazenn sevenadurel hag ensavadurel-ma\u00f1 ?<\/h3>\n\n\n\n<p>Un engouestl sklaer ha diskl\u00eariet a-berzh dilennidi Breizh, hag ar galon da vont kuit diouzh ar strollado\u00f9 politikel broadel. Pa gomzan gant ma c&#039;henlabourerien e rann an darn vrasa\u00f1 ar so\u00f1j-se hag ar c&#039;hoant-se da gaout emrenerezh... Met evit abego\u00f9 dilennadego\u00f9 e seblant beza\u00f1 diaes kemer ar pazenn-se. Ur strollad politikel breizhat bras a vefe sur a-walc\u2019h an diskoulm.<\/p>\n\n\n\n<h3 class=\"wp-block-heading\">A-benn ar fin, ur ger evit ar Vretoned. Perak, d\u2019ho so\u00f1j, eo deuet an amzer da skriva\u00f1 ur pennad nevez evit Breizh, en ur Republik a vefe digor a-benn ar fin war liesseurted he rannvroio\u00f9 ?<\/h3>\n\n\n\n<p>Laouen on koulskoude, ha sur on eo deuet an amzer. Pa seller ouzh stad dic&#039;hortoz ar vro brema\u00f1 e klevan muioc&#039;h-mui a vouezhio\u00f9 o c&#039;houlenn ma vefe che\u00f1chet ar gouarnamant. Marv-empenn eo ar reizhiad politikel ha melestradurel-se evit ar mare, hag e ensefalogramm a vo plaen a-benn nebeut. Gortoz a ra an dud ma vo diorroet ar galloud !<\/p>\n\n\n\n<h3 class=\"wp-block-heading\">Ha dereat eo luskad Ya Breizh, d\u2019ho so\u00f1j, evit boda\u00f1 an holl youl vat e Breizh, ha pelloc\u2019h c\u2019hoazh, ha dont da veza\u00f1 ur gwir nerzh evit ar c\u2019hinnigo\u00f9, evel hor patrom kembreat, al luskad Ya Cymru ?<\/h3>\n\n\n\n<p><strong><a href=\"https:\/\/www.yes.bzh\/br\/kemer-perzh-el-luskad\/\" data-type=\"link\" data-id=\"https:\/\/www.yes.bzh\/rejoindre-le-mouvement\/\">Ya, al luskad Ya Breizh a c\u2019hell beza\u00f1 ur benveg mat evit boda\u00f1 nerzhio\u00f9 lusk Breizh ha dont da veza\u00f1 un nerzh evit ar c\u2019hinnigo\u00f9.<\/a><\/strong>, Evel Yes Cymru e vijen laouen-tre da zont ganeoc&#039;h. Dont a ra ma fonto\u00f9 awen eus lec&#039;hio\u00f9 liesseurt ha gallout a reont beza\u00f1 Kembreiz, Skosiz, Katalaneg pe Euskareg. Ur gwir vammenn awen int, e kement degouezh.<\/p>\n\n\n\n<p>Trugarekaat a reomp a-greiz kalon Yvan Moullec evit an eskemm sevel hag a-feson-se diwar-benn dazont ensavadurel Breizh.<br>E c\u2019halv da sevel ur Republik tiriado\u00f9 a glot gant kredenn don Ya Breizh : ama\u00f1 eo, e Breizh, e c\u2019hell ganet ur patrom reizhoc\u2019h, efedusoc\u2019h ha deneloc\u2019h.<br>Dont a raio an diskoulmo\u00f9 eus ar penn-kenta\u00f1, diwar ar c&#039;henlabour hag ar fizia\u00f1s nevesaet etre ar penno\u00f9, ar gevelerien hag ar geodedourien.<br>Ya Breizh a bed an holl re o deus ar youl-se da <strong><a href=\"https:\/\/www.yes.bzh\/br\/kemer-perzh-el-luskad\/\" data-type=\"link\" data-id=\"https:\/\/www.yes.bzh\/rejoindre-le-mouvement\/\">kemer perzh el luskad<\/a><\/strong>, kemer perzh er preder a-stroll hag ober, en un doare fetis, evit ur Vreizh a zo mestr war he zroidigezh hec\u2019h-unan.<br>Peogwir<\/p>","protected":false},"excerpt":{"rendered":"<p>Un argerzh politikel frammet eo an devolusion a dalvez da dreuzkas tamm-ha-tamm ar galloudo\u00f9 eus ar gouarnamant kreiz da Vreizh, ar pezh a ro tro dezhi da zivizout he pennaenno\u00f9 e-barzh ur framm sklaer, peoc&#039;hus ha demokratel. Er c&#039;hontrol d&#039;an emrenerezh, droukimplijet peurliesa\u00f1, pe d&#039;an dizalc&#039;hiezh, a vez sellet outa\u00f1 evel un disrann, e kinnig an dileuriadur un hent pragmatek, awenet gant patromo\u00f9 Breizh-Veur \u2014 Bro-Skos, Kembre ha Norzhiwerzhon \u2014 evit kre\u00f1vaat an demokratelezh lec&#039;hel, azasaat ar politikerezhio\u00f9 foran ouzh gwirvoud Breizh, ha rei\u00f1 en-dro da Vreizh ar galloud war he dibabo\u00f9 war dachenn ar c&#039;helenn, ar yec&#039;hed, al labour-douar, an ekonomiezh, an ekonomiezh ha dileuriadur politikel.<\/p>","protected":false},"author":1,"featured_media":1564,"comment_status":"open","ping_status":"open","sticky":false,"template":"","format":"standard","meta":{"_lmt_disableupdate":"","_lmt_disable":"","footnotes":""},"categories":[15],"tags":[68,60,66,65,63,30,64,67,70,61,21,62,72,69,71],"class_list":["post-1002","post","type-post","status-publish","format-standard","has-post-thumbnail","hentry","category-temoignages","tag-assemblee-bretagne","tag-autonomie-vs-independance","tag-decision-locale","tag-definition-devolution","tag-democratie-bretagne","tag-devolution-bretagne","tag-devolution-pouvoirs","tag-enjeux-devolution","tag-institutions-bretonnes","tag-modele-britannique","tag-politique-bretonne","tag-reforme-constitutionnelle","tag-sante-education-economie-bretagne","tag-strategies-decentralisation","tag-transition-energetique-bretagne"],"_links":{"self":[{"href":"https:\/\/www.yes.bzh\/br\/wp-json\/wp\/v2\/posts\/1002","targetHints":{"allow":["GET"]}}],"collection":[{"href":"https:\/\/www.yes.bzh\/br\/wp-json\/wp\/v2\/posts"}],"about":[{"href":"https:\/\/www.yes.bzh\/br\/wp-json\/wp\/v2\/types\/post"}],"author":[{"embeddable":true,"href":"https:\/\/www.yes.bzh\/br\/wp-json\/wp\/v2\/users\/1"}],"replies":[{"embeddable":true,"href":"https:\/\/www.yes.bzh\/br\/wp-json\/wp\/v2\/comments?post=1002"}],"version-history":[{"count":4,"href":"https:\/\/www.yes.bzh\/br\/wp-json\/wp\/v2\/posts\/1002\/revisions"}],"predecessor-version":[{"id":1566,"href":"https:\/\/www.yes.bzh\/br\/wp-json\/wp\/v2\/posts\/1002\/revisions\/1566"}],"wp:featuredmedia":[{"embeddable":true,"href":"https:\/\/www.yes.bzh\/br\/wp-json\/wp\/v2\/media\/1564"}],"wp:attachment":[{"href":"https:\/\/www.yes.bzh\/br\/wp-json\/wp\/v2\/media?parent=1002"}],"wp:term":[{"taxonomy":"category","embeddable":true,"href":"https:\/\/www.yes.bzh\/br\/wp-json\/wp\/v2\/categories?post=1002"},{"taxonomy":"post_tag","embeddable":true,"href":"https:\/\/www.yes.bzh\/br\/wp-json\/wp\/v2\/tags?post=1002"}],"curies":[{"name":"ur gwerennad dour","href":"https:\/\/api.w.org\/{rel}","templated":true}]}}